{"id":428,"date":"2021-06-30T13:03:23","date_gmt":"2021-06-30T13:03:23","guid":{"rendered":"http:\/\/foerderverein-lbz-eppelborn.de\/?p=428"},"modified":"2021-07-12T22:08:06","modified_gmt":"2021-07-12T20:08:06","slug":"428","status":"publish","type":"post","link":"https:\/\/foerderverein-lbz-eppelborn.de\/?p=428","title":{"rendered":"&#8222;Gefillde zum Abholen&#8220; am Tag der offenen T\u00fcr 2021"},"content":{"rendered":"\n<p class=\"has-medium-font-size\"><strong>Mai 2021<\/strong><\/p>\n\n\n\n<p>Da auch dieses Jahr choronabedingt der traditionelle \u201eTag der offenen T\u00fcr\u201c des L\u00f6schbezirks Eppelborn&nbsp;leider abgesagt werden musste, stand f\u00fcr den F\u00f6rderverein schnell fest, die Traditionstage nicht sang-und-klanglos ziehen zu lassen.<\/p>\n\n\n\n<p>Best\u00e4rkt durch die durchweg positive Resonanz nach der Heringsaktion an Fasching, fiel die Entscheidung, die sonst an den Tagen angebotenen \u201eGefillde\u201c dieses Jahr zur Abholung anbieten zu wollen.&nbsp;<\/p>\n\n\n\n<figure class=\"wp-block-gallery columns-2 is-cropped wp-block-gallery-1 is-layout-flex wp-block-gallery-is-layout-flex\"><ul class=\"blocks-gallery-grid\"><li class=\"blocks-gallery-item\"><figure><img loading=\"lazy\" decoding=\"async\" width=\"498\" height=\"1024\" src=\"https:\/\/foerderverein-lbz-eppelborn.de\/wp-content\/uploads\/2021\/06\/Foto-1-1-498x1024.jpg\" alt=\"\" data-id=\"391\" data-full-url=\"https:\/\/foerderverein-lbz-eppelborn.de\/wp-content\/uploads\/2021\/06\/Foto-1-1-scaled.jpg\" data-link=\"https:\/\/foerderverein-lbz-eppelborn.de\/?attachment_id=391\" class=\"wp-image-391\" srcset=\"https:\/\/foerderverein-lbz-eppelborn.de\/wp-content\/uploads\/2021\/06\/Foto-1-1-498x1024.jpg 498w, https:\/\/foerderverein-lbz-eppelborn.de\/wp-content\/uploads\/2021\/06\/Foto-1-1-146x300.jpg 146w, https:\/\/foerderverein-lbz-eppelborn.de\/wp-content\/uploads\/2021\/06\/Foto-1-1-768x1580.jpg 768w, https:\/\/foerderverein-lbz-eppelborn.de\/wp-content\/uploads\/2021\/06\/Foto-1-1-747x1536.jpg 747w, https:\/\/foerderverein-lbz-eppelborn.de\/wp-content\/uploads\/2021\/06\/Foto-1-1-996x2048.jpg 996w, https:\/\/foerderverein-lbz-eppelborn.de\/wp-content\/uploads\/2021\/06\/Foto-1-1-600x1234.jpg 600w, https:\/\/foerderverein-lbz-eppelborn.de\/wp-content\/uploads\/2021\/06\/Foto-1-1-1600x3291.jpg 1600w, https:\/\/foerderverein-lbz-eppelborn.de\/wp-content\/uploads\/2021\/06\/Foto-1-1-1200x2469.jpg 1200w, https:\/\/foerderverein-lbz-eppelborn.de\/wp-content\/uploads\/2021\/06\/Foto-1-1-800x1646.jpg 800w, https:\/\/foerderverein-lbz-eppelborn.de\/wp-content\/uploads\/2021\/06\/Foto-1-1-scaled.jpg 1244w\" sizes=\"auto, (max-width: 498px) 100vw, 498px\" \/><\/figure><\/li><li class=\"blocks-gallery-item\"><figure><img loading=\"lazy\" decoding=\"async\" width=\"768\" height=\"1024\" src=\"https:\/\/foerderverein-lbz-eppelborn.de\/wp-content\/uploads\/2021\/06\/Foto-1b-768x1024.jpg\" alt=\"\" data-id=\"392\" data-full-url=\"https:\/\/foerderverein-lbz-eppelborn.de\/wp-content\/uploads\/2021\/06\/Foto-1b.jpg\" data-link=\"https:\/\/foerderverein-lbz-eppelborn.de\/?attachment_id=392\" class=\"wp-image-392\" srcset=\"https:\/\/foerderverein-lbz-eppelborn.de\/wp-content\/uploads\/2021\/06\/Foto-1b-768x1024.jpg 768w, https:\/\/foerderverein-lbz-eppelborn.de\/wp-content\/uploads\/2021\/06\/Foto-1b-225x300.jpg 225w, https:\/\/foerderverein-lbz-eppelborn.de\/wp-content\/uploads\/2021\/06\/Foto-1b-1152x1536.jpg 1152w, https:\/\/foerderverein-lbz-eppelborn.de\/wp-content\/uploads\/2021\/06\/Foto-1b-600x800.jpg 600w, https:\/\/foerderverein-lbz-eppelborn.de\/wp-content\/uploads\/2021\/06\/Foto-1b-800x1067.jpg 800w, https:\/\/foerderverein-lbz-eppelborn.de\/wp-content\/uploads\/2021\/06\/Foto-1b.jpg 1200w\" sizes=\"auto, (max-width: 768px) 100vw, 768px\" \/><\/figure><\/li><\/ul><\/figure>\n\n\n\n<p>Hier war es uns sehr wichtig, einmal die Gefillden nach Oma\u2019s Rezept zuzubereiten und zum zweiten, bei unseren lokalen und \u00f6rtlichen Gesch\u00e4ften einzukaufen.&nbsp;Beides konnten wir erf\u00fcllen.<\/p>\n\n\n\n<p>Jedoch gab es noch die technische Herausforderung, die geplanten ca. 200 kg ben\u00f6tigten Kartoffeln nach dem Kochen auch zu pressen. Aber schon zu Beginn der Planung kam von Heribert Ehlen die L\u00f6sung \u2026 \u201elasst mich mal machen \u2026 ich baue uns eine automatisierte Kartoffel-Presse\u201c. Gesagt getan, schon beim Probekochen konnte die Maschine \u00fcberzeugen und Bestand auch mit Bravour&nbsp;den Einsatz Mitte Mai.<\/p>\n\n\n\n<p>Von hier aus nochmals vielen DANK an Heribert Ehlen \u2013 Mitglied der Feuerwehr Eppelborn und Gesch\u00e4ftsf\u00fchrer der Automaten-Full-Service Heribert Ehlen (A.F.S.), der die Maschine in m\u00fchevoller Kleinarbeit konstruiert, gebaut und uns kostenlos zur Verf\u00fcgung gestellt hat.<\/p>\n\n\n\n<p>All das h\u00e4tte jedoch ohne unsere gesamte K\u00fcchen-Crew nicht funktioniert. Vielen vielen DANK an unsere Frauen und M\u00e4nner, welche hier tagelang bei den Vorbereitungen unterst\u00fctzt haben, und es geschafft haben, die Portionen bei Abholung punktum herausgeben zu k\u00f6nnen.<\/p>\n\n\n\n<p>Wenn wir hier von unseren Frauen reden, so sind dies nicht nur die Frauen unserer aktiven und Ehren-Abteilungs-Feuerwehrkameraden, sondern mittlerweile auch die Frauen aus den eigenen Reihen der Aktiven. Unsere M\u00e4nner sind die Kameraden aus den Reihen der aktiven, des Fanfarenzuges und der Ehrenabteilung. Von hier aus nochmals vielen DANK.<\/p>\n\n\n\n<figure class=\"wp-block-gallery columns-3 is-cropped wp-block-gallery-2 is-layout-flex wp-block-gallery-is-layout-flex\"><ul class=\"blocks-gallery-grid\"><li class=\"blocks-gallery-item\"><figure><img loading=\"lazy\" decoding=\"async\" width=\"768\" height=\"1024\" src=\"https:\/\/foerderverein-lbz-eppelborn.de\/wp-content\/uploads\/2021\/06\/Foto-9-1.jpg\" alt=\"\" data-id=\"389\" data-full-url=\"https:\/\/foerderverein-lbz-eppelborn.de\/wp-content\/uploads\/2021\/06\/Foto-9-1.jpg\" data-link=\"https:\/\/foerderverein-lbz-eppelborn.de\/?attachment_id=389\" class=\"wp-image-389\" srcset=\"https:\/\/foerderverein-lbz-eppelborn.de\/wp-content\/uploads\/2021\/06\/Foto-9-1.jpg 768w, https:\/\/foerderverein-lbz-eppelborn.de\/wp-content\/uploads\/2021\/06\/Foto-9-1-225x300.jpg 225w, https:\/\/foerderverein-lbz-eppelborn.de\/wp-content\/uploads\/2021\/06\/Foto-9-1-600x800.jpg 600w\" sizes=\"auto, (max-width: 768px) 100vw, 768px\" \/><\/figure><\/li><li class=\"blocks-gallery-item\"><figure><img loading=\"lazy\" decoding=\"async\" width=\"768\" height=\"1024\" src=\"https:\/\/foerderverein-lbz-eppelborn.de\/wp-content\/uploads\/2021\/06\/Foto-8.jpg\" alt=\"\" data-id=\"388\" data-full-url=\"https:\/\/foerderverein-lbz-eppelborn.de\/wp-content\/uploads\/2021\/06\/Foto-8.jpg\" data-link=\"https:\/\/foerderverein-lbz-eppelborn.de\/?attachment_id=388\" class=\"wp-image-388\" srcset=\"https:\/\/foerderverein-lbz-eppelborn.de\/wp-content\/uploads\/2021\/06\/Foto-8.jpg 768w, https:\/\/foerderverein-lbz-eppelborn.de\/wp-content\/uploads\/2021\/06\/Foto-8-225x300.jpg 225w, https:\/\/foerderverein-lbz-eppelborn.de\/wp-content\/uploads\/2021\/06\/Foto-8-600x800.jpg 600w\" sizes=\"auto, (max-width: 768px) 100vw, 768px\" \/><\/figure><\/li><li class=\"blocks-gallery-item\"><figure><img loading=\"lazy\" decoding=\"async\" width=\"1024\" height=\"768\" src=\"https:\/\/foerderverein-lbz-eppelborn.de\/wp-content\/uploads\/2021\/06\/Foto-7.jpg\" alt=\"\" data-id=\"387\" data-full-url=\"https:\/\/foerderverein-lbz-eppelborn.de\/wp-content\/uploads\/2021\/06\/Foto-7.jpg\" data-link=\"https:\/\/foerderverein-lbz-eppelborn.de\/?attachment_id=387\" class=\"wp-image-387\" srcset=\"https:\/\/foerderverein-lbz-eppelborn.de\/wp-content\/uploads\/2021\/06\/Foto-7.jpg 1024w, https:\/\/foerderverein-lbz-eppelborn.de\/wp-content\/uploads\/2021\/06\/Foto-7-300x225.jpg 300w, https:\/\/foerderverein-lbz-eppelborn.de\/wp-content\/uploads\/2021\/06\/Foto-7-768x576.jpg 768w, https:\/\/foerderverein-lbz-eppelborn.de\/wp-content\/uploads\/2021\/06\/Foto-7-600x450.jpg 600w, https:\/\/foerderverein-lbz-eppelborn.de\/wp-content\/uploads\/2021\/06\/Foto-7-800x600.jpg 800w\" sizes=\"auto, (max-width: 1024px) 100vw, 1024px\" \/><\/figure><\/li><li class=\"blocks-gallery-item\"><figure><img loading=\"lazy\" decoding=\"async\" width=\"768\" height=\"1024\" src=\"https:\/\/foerderverein-lbz-eppelborn.de\/wp-content\/uploads\/2021\/06\/Foto-6.jpg\" alt=\"\" data-id=\"386\" data-full-url=\"https:\/\/foerderverein-lbz-eppelborn.de\/wp-content\/uploads\/2021\/06\/Foto-6.jpg\" data-link=\"https:\/\/foerderverein-lbz-eppelborn.de\/?attachment_id=386\" class=\"wp-image-386\" srcset=\"https:\/\/foerderverein-lbz-eppelborn.de\/wp-content\/uploads\/2021\/06\/Foto-6.jpg 768w, https:\/\/foerderverein-lbz-eppelborn.de\/wp-content\/uploads\/2021\/06\/Foto-6-225x300.jpg 225w, https:\/\/foerderverein-lbz-eppelborn.de\/wp-content\/uploads\/2021\/06\/Foto-6-600x800.jpg 600w\" sizes=\"auto, (max-width: 768px) 100vw, 768px\" \/><\/figure><\/li><li class=\"blocks-gallery-item\"><figure><img loading=\"lazy\" decoding=\"async\" width=\"768\" height=\"1024\" src=\"https:\/\/foerderverein-lbz-eppelborn.de\/wp-content\/uploads\/2021\/06\/Foto-5.jpg\" alt=\"\" data-id=\"385\" data-full-url=\"https:\/\/foerderverein-lbz-eppelborn.de\/wp-content\/uploads\/2021\/06\/Foto-5.jpg\" data-link=\"https:\/\/foerderverein-lbz-eppelborn.de\/?attachment_id=385\" class=\"wp-image-385\" srcset=\"https:\/\/foerderverein-lbz-eppelborn.de\/wp-content\/uploads\/2021\/06\/Foto-5.jpg 768w, https:\/\/foerderverein-lbz-eppelborn.de\/wp-content\/uploads\/2021\/06\/Foto-5-225x300.jpg 225w, https:\/\/foerderverein-lbz-eppelborn.de\/wp-content\/uploads\/2021\/06\/Foto-5-600x800.jpg 600w\" sizes=\"auto, (max-width: 768px) 100vw, 768px\" \/><\/figure><\/li><li class=\"blocks-gallery-item\"><figure><img loading=\"lazy\" decoding=\"async\" width=\"768\" height=\"1024\" src=\"https:\/\/foerderverein-lbz-eppelborn.de\/wp-content\/uploads\/2021\/06\/Foto-4.jpg\" alt=\"\" data-id=\"384\" data-full-url=\"https:\/\/foerderverein-lbz-eppelborn.de\/wp-content\/uploads\/2021\/06\/Foto-4.jpg\" data-link=\"https:\/\/foerderverein-lbz-eppelborn.de\/?attachment_id=384\" class=\"wp-image-384\" srcset=\"https:\/\/foerderverein-lbz-eppelborn.de\/wp-content\/uploads\/2021\/06\/Foto-4.jpg 768w, https:\/\/foerderverein-lbz-eppelborn.de\/wp-content\/uploads\/2021\/06\/Foto-4-225x300.jpg 225w, https:\/\/foerderverein-lbz-eppelborn.de\/wp-content\/uploads\/2021\/06\/Foto-4-600x800.jpg 600w\" sizes=\"auto, (max-width: 768px) 100vw, 768px\" \/><\/figure><\/li><\/ul><\/figure>\n\n\n\n<p>Vielen Dank auch an unsere Sponsoren u.a. an Reiseb\u00fcro G\u00fcnter Britz, Fliesen Carlo Trenz, Haarstudio Schmitt, Direktimport Carsten Klaas, AGS Auto Galerie Saar, Pizzeria DeLuca.<\/p>\n\n\n\n<p>Durch Ihre nicht nur Finanz- und Sachspenden, sondern auch durch Ihre pers\u00f6nliche tatkr\u00e4ftige Unterst\u00fctzung bei der gesamten Herstellung der Gefillde drum herum, k\u00f6nnten wir die Aktion am 16.05.2021 erfolgreich abschlie\u00dfen.<\/p>\n\n\n\n<p>Vielen DANK auch an all unsere (Abholer-) G\u00e4ste, welche unserem Angebot nachgekommen sind und uns durch ihre positiven R\u00fcckmeldungen best\u00e4rkt haben, das dies eine gute Aktion war.<\/p>\n\n\n\n<p>Durch all diese Unterst\u00fctzung konnte der F\u00f6rderverein des L\u00f6schbezirks Eppelborn, unter dem Vorsitzenden Peter Hammerschmitt, am vergangenen Sonntag die Gewinne \u00fcbergeben. In Anwesenheit unseres B\u00fcrgermeisters konnten die entsprechende Schecks an die Vertreter der Abteilungen der Jugendwehr, der Aktiven, der Ehrenabteilung und an den Fanfarenzug \u00fcbergeben werden.<\/p>\n\n\n\n<div class=\"wp-block-image\"><figure class=\"aligncenter is-resized\"><a href=\"https:\/\/foerderverein-lbz-eppelborn.de\/wp-content\/uploads\/2021\/06\/Foto-3-scaled.jpg\"><img loading=\"lazy\" decoding=\"async\" src=\"https:\/\/foerderverein-lbz-eppelborn.de\/wp-content\/uploads\/2021\/06\/Foto-3-1024x572.jpg\" alt=\"\" class=\"wp-image-380\" width=\"768\" height=\"429\" srcset=\"https:\/\/foerderverein-lbz-eppelborn.de\/wp-content\/uploads\/2021\/06\/Foto-3-1024x572.jpg 1024w, https:\/\/foerderverein-lbz-eppelborn.de\/wp-content\/uploads\/2021\/06\/Foto-3-300x168.jpg 300w, https:\/\/foerderverein-lbz-eppelborn.de\/wp-content\/uploads\/2021\/06\/Foto-3-768x429.jpg 768w, https:\/\/foerderverein-lbz-eppelborn.de\/wp-content\/uploads\/2021\/06\/Foto-3-1536x858.jpg 1536w, https:\/\/foerderverein-lbz-eppelborn.de\/wp-content\/uploads\/2021\/06\/Foto-3-2048x1144.jpg 2048w, https:\/\/foerderverein-lbz-eppelborn.de\/wp-content\/uploads\/2021\/06\/Foto-3-600x335.jpg 600w, https:\/\/foerderverein-lbz-eppelborn.de\/wp-content\/uploads\/2021\/06\/Foto-3-1600x894.jpg 1600w, https:\/\/foerderverein-lbz-eppelborn.de\/wp-content\/uploads\/2021\/06\/Foto-3-1200x670.jpg 1200w, https:\/\/foerderverein-lbz-eppelborn.de\/wp-content\/uploads\/2021\/06\/Foto-3-800x447.jpg 800w\" sizes=\"auto, (max-width: 768px) 100vw, 768px\" \/><\/a><\/figure><\/div>\n\n\n\n<p>B\u00fcrgermeister Andreas Feld bedankte sich im Namen der Gemeinde, da er auch wei\u00df, dass die Gelder u.a. f\u00fcr die Beschaffung von feuerwehrtechnischem Ger\u00e4t und Zubeh\u00f6r verwendet werden, was aus Sicht der Gemeinde budgettechnisch und vor allem kurzfristig bei Bedarf so nicht machbar ist.<\/p>\n","protected":false},"excerpt":{"rendered":"<p>Mai 2021 Da auch dieses Jahr choronabedingt der traditionelle \u201eTag der offenen T\u00fcr\u201c des L\u00f6schbezirks Eppelborn&nbsp;leider abgesagt werden musste, stand f\u00fcr den F\u00f6rderverein schnell fest, die Traditionstage nicht sang-und-klanglos ziehen zu lassen. Best\u00e4rkt durch die durchweg positive Resonanz nach der Heringsaktion an Fasching, fiel die Entscheidung, die sonst an den Tagen angebotenen \u201eGefillde\u201c dieses Jahr [&hellip;]<\/p>\n","protected":false},"author":1,"featured_media":385,"comment_status":"closed","ping_status":"closed","sticky":false,"template":"","format":"standard","meta":{"ngg_post_thumbnail":0,"footnotes":""},"categories":[3],"tags":[],"class_list":["post-428","post","type-post","status-publish","format-standard","has-post-thumbnail","hentry","category-aktivitaet"],"_links":{"self":[{"href":"https:\/\/foerderverein-lbz-eppelborn.de\/index.php?rest_route=\/wp\/v2\/posts\/428","targetHints":{"allow":["GET"]}}],"collection":[{"href":"https:\/\/foerderverein-lbz-eppelborn.de\/index.php?rest_route=\/wp\/v2\/posts"}],"about":[{"href":"https:\/\/foerderverein-lbz-eppelborn.de\/index.php?rest_route=\/wp\/v2\/types\/post"}],"author":[{"embeddable":true,"href":"https:\/\/foerderverein-lbz-eppelborn.de\/index.php?rest_route=\/wp\/v2\/users\/1"}],"replies":[{"embeddable":true,"href":"https:\/\/foerderverein-lbz-eppelborn.de\/index.php?rest_route=%2Fwp%2Fv2%2Fcomments&post=428"}],"version-history":[{"count":3,"href":"https:\/\/foerderverein-lbz-eppelborn.de\/index.php?rest_route=\/wp\/v2\/posts\/428\/revisions"}],"predecessor-version":[{"id":599,"href":"https:\/\/foerderverein-lbz-eppelborn.de\/index.php?rest_route=\/wp\/v2\/posts\/428\/revisions\/599"}],"wp:featuredmedia":[{"embeddable":true,"href":"https:\/\/foerderverein-lbz-eppelborn.de\/index.php?rest_route=\/wp\/v2\/media\/385"}],"wp:attachment":[{"href":"https:\/\/foerderverein-lbz-eppelborn.de\/index.php?rest_route=%2Fwp%2Fv2%2Fmedia&parent=428"}],"wp:term":[{"taxonomy":"category","embeddable":true,"href":"https:\/\/foerderverein-lbz-eppelborn.de\/index.php?rest_route=%2Fwp%2Fv2%2Fcategories&post=428"},{"taxonomy":"post_tag","embeddable":true,"href":"https:\/\/foerderverein-lbz-eppelborn.de\/index.php?rest_route=%2Fwp%2Fv2%2Ftags&post=428"}],"curies":[{"name":"wp","href":"https:\/\/api.w.org\/{rel}","templated":true}]}}