{"id":580,"date":"2021-07-12T10:59:13","date_gmt":"2021-07-12T10:59:13","guid":{"rendered":"http:\/\/foerderverein-lbz-eppelborn.de\/?p=580"},"modified":"2022-02-11T09:11:00","modified_gmt":"2022-02-11T07:11:00","slug":"nadine-schoen-wird-digitialisierungs-patin-des-foerdervereins-lbz-eppelborn","status":"publish","type":"post","link":"https:\/\/foerderverein-lbz-eppelborn.de\/?p=580","title":{"rendered":"Nadine Sch\u00f6n wird Digitalisierungs-Patin des F\u00f6rdervereins LBZ Eppelborn"},"content":{"rendered":"\n<p>Am Samstag dem 10.07.2021, durfte der F\u00f6rderverein LBZ Eppelborn zusammen mit dem L\u00f6schbezirk als Gastgeber, Nadine Sch\u00f6n (Mitglied des deutschen Bundestages), Dr. Andreas Feld&nbsp; (B\u00fcrgermeister, Chef der Feuerwehr Eppelborn), Christian Ney (stellv. B\u00fcrgermeister und aktives Mitglied des L\u00f6schbezirks), Berthold Schmitt (Ortsvorstehen) sowie Alwin Theobald&nbsp; (Mitglied des saarl\u00e4ndischen Landtag) im Ger\u00e4tehaus Eppelborn begr\u00fc\u00dfen.<\/p>\n\n\n\n<p>Aus feuerwehrtechnischer Sicht unterst\u00fctzen der Wehrf\u00fchrer Andreas Gro\u00df sowie die Mitglieder der \u201eTaktischen Einheit Drohne\u201c (TE-Drohne) unter der Leitung von Heribert Ehlen den Termin.<\/p>\n\n\n\n<div class=\"wp-block-image\"><figure class=\"aligncenter size-large is-resized\"><a href=\"https:\/\/foerderverein-lbz-eppelborn.de\/wp-content\/uploads\/2021\/07\/Bild_01-scaled.jpg\"><img loading=\"lazy\" decoding=\"async\" src=\"https:\/\/foerderverein-lbz-eppelborn.de\/wp-content\/uploads\/2021\/07\/Bild_01-1024x469.jpg\" alt=\"\" class=\"wp-image-581\" width=\"768\" height=\"352\" srcset=\"https:\/\/foerderverein-lbz-eppelborn.de\/wp-content\/uploads\/2021\/07\/Bild_01-1024x469.jpg 1024w, https:\/\/foerderverein-lbz-eppelborn.de\/wp-content\/uploads\/2021\/07\/Bild_01-300x137.jpg 300w, https:\/\/foerderverein-lbz-eppelborn.de\/wp-content\/uploads\/2021\/07\/Bild_01-768x352.jpg 768w, https:\/\/foerderverein-lbz-eppelborn.de\/wp-content\/uploads\/2021\/07\/Bild_01-1536x704.jpg 1536w, https:\/\/foerderverein-lbz-eppelborn.de\/wp-content\/uploads\/2021\/07\/Bild_01-2048x938.jpg 2048w\" sizes=\"auto, (max-width: 768px) 100vw, 768px\" \/><\/a><\/figure><\/div>\n\n\n\n<p>Freudiger Anlass des Besuches war die Ergebnis-Pr\u00e4sentation unserer Digitalisierungs-Projekte im Rahmen eines F\u00f6rderprogrammes der deutschen Stiftung f\u00fcr Engagement und Ehrenamt.<\/p>\n\n\n\n<p>Ende 2020 konnte sich der F\u00f6rderverein des L\u00f6schbezirks erfolgreich bei der Stiftung um ein F\u00f6rderprogramm zur Digitalisierung im Ehrenamt bewerben.<\/p>\n\n\n\n<p>Die Themen dieses Programmes beinhalteten die Schaffung von Kommunikations- und Ausbildungsmedien in und au\u00dferhalb von Pandemiezeiten, sowie die Umsetzung von Ma\u00dfnahmen zur digitalen Einsatzunterst\u00fctzung.<\/p>\n\n\n\n<p>Hierzu lies sich Nadine Sch\u00f6n die neue digitale Alarmierung innerhalb der Feuerwehr Eppelborn erl\u00e4utern.<\/p>\n\n\n\n<div class=\"wp-block-image\"><figure class=\"aligncenter size-large is-resized\"><a href=\"https:\/\/foerderverein-lbz-eppelborn.de\/wp-content\/uploads\/2021\/07\/Bild04.jpg\"><img loading=\"lazy\" decoding=\"async\" src=\"https:\/\/foerderverein-lbz-eppelborn.de\/wp-content\/uploads\/2021\/07\/Bild04-1024x741.jpg\" alt=\"\" class=\"wp-image-583\" width=\"768\" height=\"556\" srcset=\"https:\/\/foerderverein-lbz-eppelborn.de\/wp-content\/uploads\/2021\/07\/Bild04-1024x741.jpg 1024w, https:\/\/foerderverein-lbz-eppelborn.de\/wp-content\/uploads\/2021\/07\/Bild04-300x217.jpg 300w, https:\/\/foerderverein-lbz-eppelborn.de\/wp-content\/uploads\/2021\/07\/Bild04-768x556.jpg 768w, https:\/\/foerderverein-lbz-eppelborn.de\/wp-content\/uploads\/2021\/07\/Bild04-1536x1112.jpg 1536w, https:\/\/foerderverein-lbz-eppelborn.de\/wp-content\/uploads\/2021\/07\/Bild04.jpg 1678w\" sizes=\"auto, (max-width: 768px) 100vw, 768px\" \/><\/a><\/figure><\/div>\n\n\n\n<p>Diese beruht auf einer Technik, welche im Alarmfall die Einsatzdaten und den Einsatzort (angezeigt auf einer Online-Stra\u00dfenkarte) direkt auf einem Gro\u00dfbildschirm in der Fahrzeughalle anzeigt. Dies erlaubt den Einsatzkr\u00e4ften sich bei Eintreffen im Ger\u00e4tehaus einen detaillierteren Blick \u00fcber den Einsatz und den Einsatzort zu machen.<\/p>\n\n\n\n<p>W\u00e4hrend der Alarmfahrt stehen diese Informationen zeitglich auf den Einsatztablets in den Einsatzfahrzeugen zur Verf\u00fcgung. D.h. der Gruppenf\u00fchrer (Beifahrer) kann \u00fcber das Einsatztablet online auf die Einsatzdaten zugreifen und bei Bedarf das Tablet auch als Navigationshilfe zur Einsatzstelle verwenden.<\/p>\n\n\n\n<p>Die Einsatztablets bieten den Einsatzkr\u00e4ften vor Ort weiterhin die M\u00f6glichkeit online auf z.B. digitale Einsatzpl\u00e4ne kritischer Geb\u00e4ude in der Gro\u00dfgemeinde (Seniorenheime, Kinderg\u00e4rten, Schulen etc.) oder auch Gefahrenstoff-Datenbanken und KFZ-Rettungsdatenbl\u00e4tter bei Verkehrsunf\u00e4llen zuzugreifen.<\/p>\n\n\n\n<p>Im Thema \u201eDigitale Einsatztaktik\u201c inbegriffen, ist auch die \u201eTechnische Einheit Drohne\u201c, welche aktuell aus Mitgliedern des L\u00f6schbezirks Eppelborn und Wiesbach besteht. Die TE-Drohne konnte \u00fcber das F\u00f6rderprogramm mit verschiedenen Drohnen f\u00fcr die unterschiedlichsten Einsatzszenarien ausgestattet werden. Hierzu z\u00e4hlen u.a. die Personensuche, das Auffinden von Glutnestern oder die Luftaufkl\u00e4rung und Dokumentationsm\u00f6glichkeit bei Hochwasser, Waldbr\u00e4nden oder weiteren Gro\u00dfschadensereignissen.<\/p>\n\n\n\n<p>Sehr \u00fcberrascht waren die G\u00e4ste von der technischen Umsetzung des Drohnenleitstandes, welcher in Eigenleistung des L\u00f6schbezirks Eppelborn realisiert wurde. Diese Technik ist in der Lage die Drohnenbilder (Video) in Echtzeit online zu \u00fcbertragen. Auch werden diese Bilder\/Videos parallel gespeichert. Somit ist die Einsatzleitung in der Lage das Bildmaterial zeitlich unabh\u00e4ngig zu sichten, um ein akutes Schadensereignis besser einsch\u00e4tzen zu k\u00f6nnen.<\/p>\n\n\n\n<div class=\"wp-block-image\"><figure class=\"aligncenter size-large is-resized\"><a href=\"https:\/\/foerderverein-lbz-eppelborn.de\/wp-content\/uploads\/2021\/07\/Bild07-scaled.jpg\"><img loading=\"lazy\" decoding=\"async\" src=\"https:\/\/foerderverein-lbz-eppelborn.de\/wp-content\/uploads\/2021\/07\/Bild07-768x1024.jpg\" alt=\"\" class=\"wp-image-584\" width=\"576\" height=\"768\" srcset=\"https:\/\/foerderverein-lbz-eppelborn.de\/wp-content\/uploads\/2021\/07\/Bild07-768x1024.jpg 768w, https:\/\/foerderverein-lbz-eppelborn.de\/wp-content\/uploads\/2021\/07\/Bild07-225x300.jpg 225w, https:\/\/foerderverein-lbz-eppelborn.de\/wp-content\/uploads\/2021\/07\/Bild07-1152x1536.jpg 1152w, https:\/\/foerderverein-lbz-eppelborn.de\/wp-content\/uploads\/2021\/07\/Bild07-1536x2048.jpg 1536w, https:\/\/foerderverein-lbz-eppelborn.de\/wp-content\/uploads\/2021\/07\/Bild07-scaled.jpg 1920w\" sizes=\"auto, (max-width: 576px) 100vw, 576px\" \/><\/a><\/figure><\/div>\n\n\n\n<p>Innerhalb eines simulierten Einsatzes konnten die Einsatzkr\u00e4fte der TE Drohnen all diese Szenarien eindrucksvoll pr\u00e4sentieren. &nbsp;<\/p>\n\n\n\n<p>Im Rahmen der M\u00f6glichkeiten zur Bildbetrachtung, Videokonferenzschaltung etc., konnte Wehrf\u00fchrer Andreas Gro\u00df im Schulungssaal des Ger\u00e4tehauses seine mobile Befehlsstelle vorstellen. Ein einsatztaktisches Instrument bei Gro\u00dfschadenslagen, bestehend aus insgesamt 4 Computer-Arbeitspl\u00e4tzen mit spezieller Einsatz-Software inkl. BOS-Funkger\u00e4te. Diese Technik wurde zwar unabh\u00e4ngig vom F\u00f6rderprogramm beschafft, passt jedoch ganzheitlich in die Digitalisierungsstrategie der Feuerwehr Eppelborn.<\/p>\n\n\n\n<div class=\"wp-block-image\"><figure class=\"aligncenter size-large is-resized\"><a href=\"https:\/\/foerderverein-lbz-eppelborn.de\/wp-content\/uploads\/2021\/07\/Bild08.jpg\"><img loading=\"lazy\" decoding=\"async\" src=\"https:\/\/foerderverein-lbz-eppelborn.de\/wp-content\/uploads\/2021\/07\/Bild08.jpg\" alt=\"\" class=\"wp-image-585\" width=\"764\" height=\"380\" srcset=\"https:\/\/foerderverein-lbz-eppelborn.de\/wp-content\/uploads\/2021\/07\/Bild08.jpg 1019w, https:\/\/foerderverein-lbz-eppelborn.de\/wp-content\/uploads\/2021\/07\/Bild08-300x149.jpg 300w, https:\/\/foerderverein-lbz-eppelborn.de\/wp-content\/uploads\/2021\/07\/Bild08-768x381.jpg 768w\" sizes=\"auto, (max-width: 764px) 100vw, 764px\" \/><\/a><\/figure><\/div>\n\n\n\n<p>Zum Thema \u201eSchaffung von Kommunikations- und Ausbildungsmedien\u201c, konnte man unseren G\u00e4sten das im Rahmen des F\u00f6rderprogramms umgesetztes Ausbildungs-Portal pr\u00e4sentieren. Dieses ist jedem Mitglied der Feuerwehr Eppelborn zug\u00e4nglich. Diese Videos wurden w\u00e4hrend der Pandemiezeit in Online-\u00dcbungen verwendet, um auch w\u00e4hrend der Nicht-Pr\u00e4senz-Phase die Einsatzbereitschaft der Mannschaften aufrecht zu erhalten. Au\u00dferhalb von Pandemiezeiten dienen die Videos weiterhin als Material zur \u00dcbungsvorbereitung und zur Schaffung eines einheitlichen Vorgehens und Ausbildens innerhalb aller L\u00f6schbezirke.<\/p>\n\n\n\n<p>Nadine Sch\u00f6n war sehr beeindruckt von der Aussage von J\u00f6rg Olliger, welcher durch die Pr\u00e4sentation f\u00fchrte, dass die IT-technischen Umsetzungen alle in Eigenleistung des L\u00f6schbezirks Eppelborn, namentlich von Frank Recktenwald, Rene Thulke und Ihm umgesetzt wurden. Des Weiteren, dass die eigenentwickelte Software (Alarmmonitor, Alarmweb f\u00fcr Einsatztablets, &nbsp;Sichtung Drohnenbild etc.) allen L\u00f6schbezirken der Gro\u00dfgemeinde kostenlos zur Verf\u00fcgung gestellt wird, so dass heute in fast allen L\u00f6schbezirken diese Einsatzmedien zur Verf\u00fcgung stehen.<\/p>\n\n\n\n<p>Um weiterhin im Austausch zum Thema Digitalisierung bleiben zu k\u00f6nnen, wurde Nadine Sch\u00f6n offiziell als \u201eDigitalisierungs-Patin\u201c des F\u00f6rdervereins sowie des L\u00f6schbezirks ernannt.<\/p>\n\n\n\n<div class=\"wp-block-image\"><figure class=\"aligncenter size-large is-resized\"><a href=\"https:\/\/foerderverein-lbz-eppelborn.de\/wp-content\/uploads\/2021\/07\/Bild_03-scaled.jpg\"><img loading=\"lazy\" decoding=\"async\" src=\"https:\/\/foerderverein-lbz-eppelborn.de\/wp-content\/uploads\/2021\/07\/Bild_03-1024x721.jpg\" alt=\"\" class=\"wp-image-582\" width=\"768\" height=\"541\" srcset=\"https:\/\/foerderverein-lbz-eppelborn.de\/wp-content\/uploads\/2021\/07\/Bild_03-1024x721.jpg 1024w, https:\/\/foerderverein-lbz-eppelborn.de\/wp-content\/uploads\/2021\/07\/Bild_03-300x211.jpg 300w, https:\/\/foerderverein-lbz-eppelborn.de\/wp-content\/uploads\/2021\/07\/Bild_03-768x540.jpg 768w, https:\/\/foerderverein-lbz-eppelborn.de\/wp-content\/uploads\/2021\/07\/Bild_03-1536x1081.jpg 1536w, https:\/\/foerderverein-lbz-eppelborn.de\/wp-content\/uploads\/2021\/07\/Bild_03-2048x1441.jpg 2048w\" sizes=\"auto, (max-width: 768px) 100vw, 768px\" \/><\/a><\/figure><\/div>\n\n\n\n<p><\/p>\n","protected":false},"excerpt":{"rendered":"<p>Am Samstag dem 10.07.2021, durfte der F\u00f6rderverein LBZ Eppelborn zusammen mit dem L\u00f6schbezirk als Gastgeber, Nadine Sch\u00f6n (Mitglied des deutschen Bundestages), Dr. Andreas Feld&nbsp; (B\u00fcrgermeister, Chef der Feuerwehr Eppelborn), Christian Ney (stellv. B\u00fcrgermeister und aktives Mitglied des L\u00f6schbezirks), Berthold Schmitt (Ortsvorstehen) sowie Alwin Theobald&nbsp; (Mitglied des saarl\u00e4ndischen Landtag) im Ger\u00e4tehaus Eppelborn begr\u00fc\u00dfen. Aus feuerwehrtechnischer Sicht [&hellip;]<\/p>\n","protected":false},"author":1,"featured_media":582,"comment_status":"closed","ping_status":"closed","sticky":true,"template":"","format":"standard","meta":{"ngg_post_thumbnail":0,"footnotes":""},"categories":[4],"tags":[5],"class_list":["post-580","post","type-post","status-publish","format-standard","has-post-thumbnail","hentry","category-digitalisierung","tag-digitalisierung-nadine-schoen-digitalisierungs-patin"],"_links":{"self":[{"href":"https:\/\/foerderverein-lbz-eppelborn.de\/index.php?rest_route=\/wp\/v2\/posts\/580","targetHints":{"allow":["GET"]}}],"collection":[{"href":"https:\/\/foerderverein-lbz-eppelborn.de\/index.php?rest_route=\/wp\/v2\/posts"}],"about":[{"href":"https:\/\/foerderverein-lbz-eppelborn.de\/index.php?rest_route=\/wp\/v2\/types\/post"}],"author":[{"embeddable":true,"href":"https:\/\/foerderverein-lbz-eppelborn.de\/index.php?rest_route=\/wp\/v2\/users\/1"}],"replies":[{"embeddable":true,"href":"https:\/\/foerderverein-lbz-eppelborn.de\/index.php?rest_route=%2Fwp%2Fv2%2Fcomments&post=580"}],"version-history":[{"count":5,"href":"https:\/\/foerderverein-lbz-eppelborn.de\/index.php?rest_route=\/wp\/v2\/posts\/580\/revisions"}],"predecessor-version":[{"id":598,"href":"https:\/\/foerderverein-lbz-eppelborn.de\/index.php?rest_route=\/wp\/v2\/posts\/580\/revisions\/598"}],"wp:featuredmedia":[{"embeddable":true,"href":"https:\/\/foerderverein-lbz-eppelborn.de\/index.php?rest_route=\/wp\/v2\/media\/582"}],"wp:attachment":[{"href":"https:\/\/foerderverein-lbz-eppelborn.de\/index.php?rest_route=%2Fwp%2Fv2%2Fmedia&parent=580"}],"wp:term":[{"taxonomy":"category","embeddable":true,"href":"https:\/\/foerderverein-lbz-eppelborn.de\/index.php?rest_route=%2Fwp%2Fv2%2Fcategories&post=580"},{"taxonomy":"post_tag","embeddable":true,"href":"https:\/\/foerderverein-lbz-eppelborn.de\/index.php?rest_route=%2Fwp%2Fv2%2Ftags&post=580"}],"curies":[{"name":"wp","href":"https:\/\/api.w.org\/{rel}","templated":true}]}}